{"id":1233,"date":"2024-11-26T12:41:52","date_gmt":"2024-11-26T10:41:52","guid":{"rendered":"https:\/\/kivesblanka.hu\/?p=1233"},"modified":"2024-11-26T12:41:55","modified_gmt":"2024-11-26T10:41:55","slug":"az-egeszseg-indikatorai","status":"publish","type":"post","link":"https:\/\/kivesblanka.hu\/en\/az-egeszseg-indikatorai\/","title":{"rendered":"Az eg\u00e9szs\u00e9g indik\u00e1torai"},"content":{"rendered":"<h3 class=\"wp-block-heading\"><strong>Mit jelent az eg\u00e9szs\u00e9g, \u00e9s hogyan m\u00e9rhet\u0151?<\/strong><\/h3>\n\n\n\n<p class=\"wp-block-paragraph\">Amikor az eg\u00e9szs\u00e9gre gondolunk, sokszor a betegs\u00e9g hi\u00e1nya jut esz\u00fcnkbe. Az eg\u00e9szs\u00e9g azonban enn\u00e9l sokkal t\u00f6bb: egy dinamikus, t\u00f6bbdimenzi\u00f3s \u00e1llapot, amely testi, lelki \u00e9s t\u00e1rsas t\u00e9nyez\u0151k harm\u00f3ni\u00e1j\u00e1n alapul. Huber \u00e9s munkat\u00e1rsai (2016) hat f\u0151 csoportba sorolt\u00e1k az eg\u00e9szs\u00e9g indik\u00e1torait, amelyek seg\u00edtenek meg\u00e9rteni \u00e9s m\u00e9rni, milyen t\u00e9nyez\u0151k j\u00e1tszanak szerepet j\u00f3ll\u00e9t\u00fcnkben. N\u00e9zz\u00fck meg, melyek ezek, \u00e9s hogyan kapcsol\u00f3dnak a mindennapi \u00e9let\u00fcnkh\u00f6z!<\/p>\n\n\n\n<h4 class=\"wp-block-heading\"><strong>1. Testi m\u0171k\u00f6d\u00e9s<\/strong><\/h4>\n\n\n\n<p class=\"wp-block-paragraph\">Az eg\u00e9szs\u00e9g legk\u00e9zzelfoghat\u00f3bb dimenzi\u00f3ja a testi m\u0171k\u00f6d\u00e9s. Ide tartoznak az orvosi adatok, t\u00f6bbek k\u00f6z\u00f6tt a v\u00e9rnyom\u00e1s vagy a v\u00e9rcukorszint, valamint a testi panaszok \u00e9s f\u00e1jdalmak. P\u00e9ld\u00e1ul egy sports\u00e9r\u00fcl\u00e9s eset\u00e9n a mozg\u00e1skorl\u00e1tozotts\u00e1g m\u00e9rt\u00e9ke vagy a gy\u00f3gyul\u00e1s ideje ennek a dimenzi\u00f3nak fontos mutat\u00f3i.<br><strong>Mi\u00e9rt fontos?<\/strong> Mert a test j\u00f3l\u00e9te alapja a mindennapi \u00e9let\u00fcnknek: ha fizikailag j\u00f3l vagyunk, k\u00f6nnyebben kezelj\u00fck a lelki \u00e9s t\u00e1rsas kih\u00edv\u00e1sokat is. Ha a test\u00fcnk nem (j\u00f3l) funkcion\u00e1l, az akad\u00e1lyoz minket a munk\u00e1ban, a t\u00e1rsas kapcsolatainkban, napi teend\u0151kben \u2013 ezek pedig stresszt, frusztr\u00e1ci\u00f3t okoznak. Teh\u00e1t a testi probl\u00e9ma kihat az \u00f6sszes t\u00f6bbi eg\u00e9szs\u00e9gindik\u00e1torra is.<\/p>\n\n\n\n<h4 class=\"wp-block-heading\"><strong>2. Ment\u00e1lis j\u00f3ll\u00e9t<\/strong><\/h4>\n\n\n\n<p class=\"wp-block-paragraph\">Ez a dimenzi\u00f3 mag\u00e1ban foglalja a kognit\u00edv m\u0171k\u00f6d\u00e9st, az \u00e9rzelmi \u00e1llapotokat, az \u00f6n\u00e9rt\u00e9kel\u00e9st \u00e9s a rezilienci\u00e1t, vagyis azt a k\u00e9pess\u00e9get, hogy rugalmasan alkalmazkodjunk a neh\u00e9zs\u00e9gekhez. P\u00e9ld\u00e1ul egy stresszes munkahelyi helyzetben a probl\u00e9mamegold\u00f3- \u00e9s a bels\u0151 er\u0151forr\u00e1sok aktiv\u00e1l\u00e1s\u00e1nak k\u00e9szs\u00e9ge meghat\u00e1roz\u00f3 lehet.<br><strong>Mi\u00e9rt fontos?<\/strong> Mert az \u00e9rzelmi \u00e9s gondolati vil\u00e1gunk egyens\u00falya n\u00e9lk\u00fcl\u00f6zhetetlen a boldogul\u00e1shoz, \u00e9s k\u00f6zvetlen hat\u00e1ssal van testi eg\u00e9szs\u00e9g\u00fcnkre is. Elm\u00e9nk az, ami gondolatainkat, \u00e9rzelmeinket \u00e9s viselked\u00e9s\u00fcnket \u00f6sszehangolja \u00e9s ir\u00e1ny\u00edtja, teh\u00e1t ennek a rendszernek az el\u00e9g j\u00f3 m\u0171k\u00f6d\u00e9se biztos\u00edtja az ehhez csatlakoz\u00f3 funkci\u00f3inkat.<\/p>\n\n\n\n<h4 class=\"wp-block-heading\"><strong>3. Spiritu\u00e1lis \u00e9s egzisztenci\u00e1lis dimenzi\u00f3<\/strong><\/h4>\n\n\n\n<p class=\"wp-block-paragraph\">Az \u00e9let \u00e9rtelm\u00e9nek keres\u00e9se \u00e9s a c\u00e9lkit\u0171z\u00e9s k\u00e9pess\u00e9ge kulcsszerepet j\u00e1tszik abban, hogy kiegyens\u00falyozottak legy\u00fcnk. Egy v\u00e1ls\u00e1ghelyzetben, p\u00e9ld\u00e1ul egy munkahely elveszt\u00e9se ut\u00e1n, a spiritu\u00e1lis dimenzi\u00f3 seg\u00edthet abban, hogy elfogadjuk a helyzetet, \u00faj c\u00e9lt tal\u00e1ljunk \u00e9s tov\u00e1bbl\u00e9pj\u00fcnk.<br><strong>Mi\u00e9rt fontos?<\/strong> Mert a jelent\u00e9steli \u00e9let alapvet\u0151 felt\u00e9tele a hossz\u00fa t\u00e1v\u00fa j\u00f3ll\u00e9tnek. \u00c9rt\u00e9kek \u00e9s c\u00e9lok n\u00e9lk\u00fcl a j\u00f6v\u0151k\u00e9p \u00e9s a rem\u00e9ny k\u00e9pess\u00e9ge gyeng\u00fcl, ami depressz\u00edv id\u0151szakokhoz, ak\u00e1r ment\u00e1lis betegs\u00e9gek kialakul\u00e1s\u00e1hoz is vezethet.<\/p>\n\n\n\n<h4 class=\"wp-block-heading\"><strong>4. \u00c9letmin\u0151s\u00e9g<\/strong><\/h4>\n\n\n\n<p class=\"wp-block-paragraph\">Az \u00e9letmin\u0151s\u00e9g az \u00e9let\u00f6r\u00f6m\u00f6t, a kiegyens\u00falyozotts\u00e1got \u00e9s az \u00e1ltal\u00e1nos j\u00f3ll\u00e9tet foglalja mag\u00e1ban. Illetve azt, ahogy \u00e9szlelj\u00fck saj\u00e1t eg\u00e9sz\u00e9g\u00fcnket, amit akt\u00edvan tesz\u00fcnk \u00e9rte. P\u00e9ld\u00e1ul egy nyaral\u00e1s ut\u00e1ni felt\u00f6lt\u0151d\u00e9s,\u00a0 egy j\u00f3l v\u00e9gzett munka ut\u00e1ni el\u00e9gedetts\u00e9g, vagy a tudatos, rendszeres testmozg\u00e1s szok\u00e1sa mind-mind ide tartozik.<br><strong>Mi\u00e9rt fontos?<\/strong> Mert a mindennapi boldogs\u00e1got \u00e9s az \u00e9let ir\u00e1nti el\u00e9gedetts\u00e9g\u00fcnket ez hat\u00e1rozza meg. A tudatos eg\u00e9sz\u00e9gk\u00e9p seg\u00edt az \u00e9let\u00fcnk feletti kontroll \u00e9rz\u00e9s\u00e9nek fenntart\u00e1s\u00e1ban, ami biztons\u00e1g\u00e9rzetet \u00e9s n\u00f6vekv\u0151 \u00f6n\u00e9rt\u00e9kel\u00e9st eredm\u00e9nyez.<\/p>\n\n\n\n<h4 class=\"wp-block-heading\"><strong>5. T\u00e1rsas \u00e9s t\u00e1rsadalmi r\u00e9szv\u00e9tel<\/strong><\/h4>\n\n\n\n<p class=\"wp-block-paragraph\">Az emberekkel val\u00f3 kapcsol\u00f3d\u00e1s, a k\u00f6z\u00f6ss\u00e9gi \u00e9rintkez\u00e9s \u00e9s a jelent\u00e9steli munka elengedhetetlen r\u00e9szei az eg\u00e9szs\u00e9ges \u00e9letnek. P\u00e9ld\u00e1ul a csal\u00e1di vacsor\u00e1k, a bar\u00e1ti besz\u00e9lget\u00e9sek vagy a k\u00f6z\u00f6ss\u00e9gi programok mind n\u00f6velik az \u00e9rzelmi j\u00f3ll\u00e9tet.<br><strong>Mi\u00e9rt fontos?<\/strong> Az ember t\u00e1rsas l\u00e9ny, szoci\u00e1lis kapcsol\u00f3d\u00e1sokb\u00f3l nagyon sokat t\u00f6ltekez\u00fcnk, akkor is, ha ink\u00e1bb introvert\u00e1ltak vagyunk. A sz\u00e1munkra megfelel\u0151 (teh\u00e1t szubjekt\u00edv) m\u00e9rt\u00e9k\u0171 emberi kapcsolat elengedhetetlen az \u00e9let\u00fckben. Az t\u00e1rsakt\u00f3l val\u00f3 elt\u00e1volod\u00e1s, elz\u00e1rk\u00f3z\u00e1s gyakran a lelki probl\u00e9m\u00e1k t\u00fcnete vagy \u00e9ppen megalapoz\u00f3ja lehet.<\/p>\n\n\n\n<h4 class=\"wp-block-heading\"><strong>6. H\u00e9tk\u00f6znapi m\u0171k\u00f6d\u00e9s<\/strong><\/h4>\n\n\n\n<p class=\"wp-block-paragraph\">A h\u00e9tk\u00f6znapi m\u0171k\u00f6d\u00e9s az \u00f6t m\u00e1sik dimenzi\u00f3 egyens\u00faly\u00e1nak eredm\u00e9nyek\u00e9nt \u00e9rtelmezhet\u0151. Ez a dimenzi\u00f3 az alapvet\u0151 mindennapi tev\u00e9kenys\u00e9gek elv\u00e9gz\u00e9s\u00e9re val\u00f3 k\u00e9pess\u00e9get, valamint a munkak\u00e9pess\u00e9get foglalja mag\u00e1ban. P\u00e9ld\u00e1ul egy betegs\u00e9g vagy s\u00e9r\u00fcl\u00e9s ideiglenesen cs\u00f6kkentheti a teljes\u00edt\u0151k\u00e9pess\u00e9g\u00fcnket, de a helyre\u00e1ll\u00edt\u00e1s folyamata is r\u00e9sze az eg\u00e9szs\u00e9g\u00fcnknek. Akkor mutatunk eg\u00e9szs\u00e9ges h\u00e9tk\u00f6znapi m\u0171k\u00f6d\u00e9st, ha k\u00e9pesek vagyunk az \u00f6n\u00e1ll\u00f3 \u00e9letvitelre, el tudjuk l\u00e1tni a h\u00e1ztart\u00e1st, \u00e9s megfelel\u0151en v\u00e9gezz\u00fck a munk\u00e1nkat. <br><strong>Mi\u00e9rt fontos?<\/strong> Ha b\u00e1rmelyik dimenzi\u00f3 kibillen az egyens\u00falyb\u00f3l, az hat\u00e1ssal lehet h\u00e9tk\u00f6znapi tev\u00e9kenys\u00e9geinkre. A c\u00e9l az, hogy megtal\u00e1ljuk az egyens\u00falyt a feladataink \u00e9s az energi\u00e1nk k\u00f6z\u00f6tt. <\/p>\n\n\n\n<h4 class=\"wp-block-heading\"><strong>Hogyan kapcsol\u00f3dik mindez a pszichol\u00f3giai munk\u00e1hoz?<\/strong><\/h4>\n\n\n\n<p class=\"wp-block-paragraph\">Pszichol\u00f3gusk\u00e9nt k\u00fcl\u00f6n\u00f6s figyelmet ford\u00edtok a <strong>ment\u00e1lis j\u00f3ll\u00e9tre<\/strong> \u00e9s a <strong>t\u00e1rsas kapcsolatokra<\/strong>, hiszen ezek k\u00f6zvetlen\u00fcl befoly\u00e1solj\u00e1k a klienseim \u00e9letmin\u0151s\u00e9g\u00e9t. A <strong>reziliencia fejleszt\u00e9se<\/strong>, az \u00e9rzelmi \u00e1llapotok szab\u00e1lyoz\u00e1sa \u00e9s az \u00f6n\u00e9rt\u00e9kel\u00e9s jav\u00edt\u00e1sa fontos c\u00e9ljaink k\u00f6z\u00e9 tartozik. Az <strong>\u00e9letc\u00e9lok meg\u00e9rt\u00e9se, \u00faj<\/strong> c\u00e9lok kit\u0171z\u00e9se szint\u00e9n gyakori t\u00e9ma a ter\u00e1pi\u00e1s besz\u00e9lget\u00e9sek sor\u00e1n.<\/p>\n\n\n\n<p class=\"wp-block-paragraph\">Emellett a <strong>stresszkezel\u00e9si technik\u00e1k tan\u00edt\u00e1sa<\/strong> \u2013 p\u00e9ld\u00e1ul relax\u00e1ci\u00f3s m\u00f3dszerek vagy asszert\u00edv kommunik\u00e1ci\u00f3 \u2013 seg\u00edt abban, hogy klienseim jobban megk\u00fczdjenek a mindennapok kih\u00edv\u00e1saival. Az eg\u00e9szs\u00e9g ezen dimenzi\u00f3inak meg\u00e9rt\u00e9se \u00e9s \u00e1pol\u00e1sa kulcsfontoss\u00e1g\u00fa a harmonikus \u00e9lethez.<\/p>\n\n\n\n<h4 class=\"wp-block-heading\"><strong>\u00d6sszegz\u00e9s<\/strong><\/h4>\n\n\n\n<p class=\"wp-block-paragraph\">Az eg\u00e9szs\u00e9g nem egyetlen t\u00e9nyez\u0151b\u0151l \u00e1ll, hanem egy komplex, t\u00f6bbdimenzi\u00f3s h\u00e1l\u00f3rendszer, amelyben minden \u00f6sszef\u00fcgg mindennel. Az eg\u00e9szs\u00e9g holisztikus megk\u00f6zel\u00edt\u00e9se teh\u00e1t nem csup\u00e1n a testi vagy ment\u00e1lis \u00e1llapotot helyezi el\u0151t\u00e9rbe, hanem figyelembe veszi az \u00e9letmin\u0151s\u00e9get, a kapcsolatok min\u0151s\u00e9g\u00e9t \u00e9s az \u00e9let \u00e9rtelmess\u00e9g\u00e9nek \u00e9rz\u00e9s\u00e9t is. <\/p>\n\n\n\n<p class=\"wp-block-paragraph\">Ahhoz, hogy teljes \u00e9letet \u00e9lhess\u00fcnk, fontos, hogy egyar\u00e1nt figyelj\u00fcnk test\u00fcnkre, lelk\u00fcnkre \u00e9s kapcsolatainkra. Az eg\u00e9szs\u00e9g indik\u00e1torainak rendszeres vizsg\u00e1lata \u00e9s meg\u00e9rt\u00e9se seg\u00edt abban, hogy tudatosabban \u00e9lj\u00fcnk, \u00e9s id\u0151ben felismerj\u00fck, ha valahol t\u00e1mogat\u00e1sra van sz\u00fcks\u00e9g\u00fcnk.<\/p>\n\n\n\n<hr class=\"wp-block-separator has-alpha-channel-opacity\"\/>\n\n\n\n<p class=\"wp-block-paragraph\"><strong>Felhaszn\u00e1lt irodalom: <\/strong><\/p>\n\n\n\n<p class=\"wp-block-paragraph\">Huber, M., Van Vliet, M., Giezenberg, M., et al. (2016). Towards a \u2018patient-centred\u2019op-erationalisation of the new dynamic concept of health: A mixed methods study. <em>BMJ Open, 5<\/em>, e010091. <a href=\"https:\/\/doi.org\/10.1136\/bmjopen-2015-010091\">https:\/\/doi.org\/10.1136\/bmjopen-2015-010091<\/a><\/p>","protected":false},"excerpt":{"rendered":"<p>Mit jelent az eg\u00e9szs\u00e9g, \u00e9s hogyan m\u00e9rhet\u0151? Amikor az eg\u00e9szs\u00e9gre gondolunk, sokszor a betegs\u00e9g hi\u00e1nya jut esz\u00fcnkbe. Az eg\u00e9szs\u00e9g azonban enn\u00e9l sokkal t\u00f6bb: egy dinamikus, t\u00f6bbdimenzi\u00f3s \u00e1llapot, amely testi, lelki \u00e9s t\u00e1rsas t\u00e9nyez\u0151k harm\u00f3ni\u00e1j\u00e1n alapul. Huber \u00e9s munkat\u00e1rsai (2016) hat f\u0151 csoportba sorolt\u00e1k az eg\u00e9szs\u00e9g indik\u00e1torait, amelyek seg\u00edtenek meg\u00e9rteni \u00e9s m\u00e9rni, milyen t\u00e9nyez\u0151k j\u00e1tszanak szerepet [&hellip;]<\/p>","protected":false},"author":1,"featured_media":1237,"comment_status":"open","ping_status":"open","sticky":false,"template":"","format":"standard","meta":{"_seopress_robots_primary_cat":"23","_seopress_titles_title":"Mit jelent az eg\u00e9szs\u00e9g, \u00e9s hogyan m\u00e9rhet\u0151?","_seopress_titles_desc":"Az eg\u00e9szs\u00e9g holisztikus megk\u00f6zel\u00edt\u00e9se nem csup\u00e1n a testi vagy ment\u00e1lis \u00e1llapotot helyezi el\u0151t\u00e9rbe, hanem figyelembe veszi az \u00e9letmin\u0151s\u00e9get, a kapcsolatok min\u0151s\u00e9g\u00e9t \u00e9s az \u00e9let \u00e9rtelmess\u00e9g\u00e9nek \u00e9rz\u00e9s\u00e9t is.","_seopress_robots_index":"","footnotes":""},"categories":[23],"tags":[124,103,117,106,116,115,125,112,123,113,105,120,104,118,121,107,119,122,114,109,110,111,108],"class_list":["post-1233","post","type-post","status-publish","format-standard","has-post-thumbnail","hentry","category-edukativ-tartalmak","tag-celkituzes-jelentosege","tag-egeszseg-dimenzioi","tag-egeszseg-es-jollet","tag-egeszseg-holisztikus-megkozelitese","tag-egeszseges-eletvitel","tag-egeszsegindikatorok","tag-egeszsegtudatos-eletmod","tag-eletminoseg-javitasa","tag-eletorom-novelese","tag-erzelmi-egeszseg","tag-hetkoznapi-mukodes","tag-kapcsolatok-fontossaga","tag-mentalis-jollet","tag-mindennapi-egeszseg","tag-onertekeles-fejlesztese","tag-pozitiv-egeszseg","tag-pszichologiai-tamogatas","tag-pszichologiai-tanacsadas","tag-reziliencia-fejlesztese","tag-spiritualis-egeszseg","tag-stresszkezelesi-technikak","tag-tarsas-kapcsolatok-szerepe","tag-testi-mukodes"],"_links":{"self":[{"href":"https:\/\/kivesblanka.hu\/en\/wp-json\/wp\/v2\/posts\/1233","targetHints":{"allow":["GET"]}}],"collection":[{"href":"https:\/\/kivesblanka.hu\/en\/wp-json\/wp\/v2\/posts"}],"about":[{"href":"https:\/\/kivesblanka.hu\/en\/wp-json\/wp\/v2\/types\/post"}],"author":[{"embeddable":true,"href":"https:\/\/kivesblanka.hu\/en\/wp-json\/wp\/v2\/users\/1"}],"replies":[{"embeddable":true,"href":"https:\/\/kivesblanka.hu\/en\/wp-json\/wp\/v2\/comments?post=1233"}],"version-history":[{"count":2,"href":"https:\/\/kivesblanka.hu\/en\/wp-json\/wp\/v2\/posts\/1233\/revisions"}],"predecessor-version":[{"id":1239,"href":"https:\/\/kivesblanka.hu\/en\/wp-json\/wp\/v2\/posts\/1233\/revisions\/1239"}],"wp:featuredmedia":[{"embeddable":true,"href":"https:\/\/kivesblanka.hu\/en\/wp-json\/wp\/v2\/media\/1237"}],"wp:attachment":[{"href":"https:\/\/kivesblanka.hu\/en\/wp-json\/wp\/v2\/media?parent=1233"}],"wp:term":[{"taxonomy":"category","embeddable":true,"href":"https:\/\/kivesblanka.hu\/en\/wp-json\/wp\/v2\/categories?post=1233"},{"taxonomy":"post_tag","embeddable":true,"href":"https:\/\/kivesblanka.hu\/en\/wp-json\/wp\/v2\/tags?post=1233"}],"curies":[{"name":"wp","href":"https:\/\/api.w.org\/{rel}","templated":true}]}}