{"id":1327,"date":"2025-01-06T18:52:06","date_gmt":"2025-01-06T16:52:06","guid":{"rendered":"https:\/\/kivesblanka.hu\/?p=1327"},"modified":"2025-01-06T18:59:40","modified_gmt":"2025-01-06T16:59:40","slug":"uj-ev-regi-tanulsagok","status":"publish","type":"post","link":"https:\/\/kivesblanka.hu\/en\/uj-ev-regi-tanulsagok\/","title":{"rendered":"\u00daj \u00e9v &#8211; r\u00e9gi tanuls\u00e1gok"},"content":{"rendered":"<p class=\"wp-block-paragraph\"><strong>December 31-\u00e9n szok\u00e1sunk fogadalmak, \u00edg\u00e9rteket tenni, hogy m\u00e1snapt\u00f3l, az \u00faj \u00e9vt\u0151l minden m\u00e1s lesz: megveszem, eladom, megcsin\u00e1lom, kidobom, meg\u00edrom, visszaviszem, leadom, megl\u00e9pem\u2026 Az \u00faj \u00e9v azonban nem azt jelenti, hogy tiszta lappal indulunk. Nem t\u00f6r\u00f6lhetj\u00fck el mindazt, amit eddig tett\u00fcnk \u2013 sem a j\u00f3, sem a kev\u00e9sb\u00e9 j\u00f3 d\u00f6nt\u00e9seket. \u00c9s ez rendben van. Az \u00e9let\u00fcnk minden egyes tapasztalata, siker\u00fcnk \u00e9s neh\u00e9zs\u00e9g\u00fcnk r\u00e9sze annak, akik ma vagyunk. Az eg\u00e9szs\u00e9g\u00fcnk \u2013 ment\u00e1lis \u00e9s fizikai \u2013 minden egyes d\u00f6nt\u00e9s\u00fcnk lenyomat\u00e1t mag\u00e1n hordozza, \u00e9s most, 2025 els\u0151 napjaiban, \u00e9rdemes elgondolkodnunk azon, hogyan tov\u00e1bb.<\/strong><\/p>\n\n\n\n<hr class=\"wp-block-separator has-alpha-channel-opacity\"\/>\n\n\n\n<h4 class=\"wp-block-heading\"><strong>Mennyire \u00faj az \u00daj \u00c9V?<\/strong><\/h4>\n\n\n\n<p class=\"wp-block-paragraph\">Ne \u00e9rezz\u00fck \u00fagy, hogy ha ebben az \u00e9vben nem tudunk mindent t\u00f6k\u00e9letesen csin\u00e1lni, akkor el\u00faszott az es\u00e9ly. Nincs &#8222;\u00faj \u00e9v = \u00faj es\u00e9ly&#8221; nyom\u00e1s. Nem ezen az egy \u00e9ven m\u00falik minden, viszont minden \u00e9v sz\u00e1m\u00edt. Az igazi fejl\u0151d\u00e9s ott kezd\u0151dik, amikor meg\u00e9rtj\u00fck: a jelenben hozott apr\u00f3, tudatos d\u00f6nt\u00e9sek hat\u00e1rozz\u00e1k meg a holnapot \u2013 nem az, hogy janu\u00e1r elsej\u00e9n mit fogadtunk meg.<br><br>\u00c9let\u00fcnk minden d\u00f6nt\u00e9se \u00e9s tapasztalata hozz\u00e1j\u00e1rult ahhoz, akik ma vagyunk. Most itt az id\u0151, hogy ezekb\u0151l a tanuls\u00e1gokb\u00f3l \u00e9p\u00edtkezve t\u00f6r\u0151dj\u00fcnk azzal, ami igaz\u00e1n fontos: <strong>saj\u00e1t magunkkal!<\/strong><\/p>\n\n\n\n<h4 class=\"wp-block-heading\"><strong>Az elm\u00falt \u00e9vek tanuls\u00e1gai: Hogyan vigy\u00fck tov\u00e1bb \u0151ket?<\/strong><\/h4>\n\n\n\n<p class=\"wp-block-paragraph\">Minden \u00e9v, minden h\u00f3nap, minden nap lehet\u0151s\u00e9g arra, hogy tanuljunk \u00e9s fejl\u0151dj\u00fcnk. Az a k\u00e9rd\u00e9s, hogy a tapasztalatainkb\u00f3l mit vesz\u00fcnk magunkkal, tanulunk-e a hib\u00e1kb\u00f3l \u00e9s a sikerekb\u0151l? K\u00e9pesek vagyunk-e fejl\u0151d\u00e9s\u00fcnket akt\u00edv szerepl\u0151k\u00e9nt ir\u00e1ny\u00edtani? Mi az, ami m\u0171k\u00f6d\u00f6tt az elm\u00falt \u00e9vekben? Mi az, amin szeretn\u00e9nk v\u00e1ltoztatni?<\/p>\n\n\n\n<p class=\"wp-block-paragraph\">Ezek a k\u00e9rd\u00e9sek seg\u00edtenek abban, hogy ne csak \u201e\u00faj lapot\u201d nyissunk, hanem az eddigi \u00e9vek alapj\u00e1n tekints\u00fcnk r\u00e1 a j\u00f6v\u0151nkre.<\/p>\n\n\n\n<h4 class=\"wp-block-heading\"><strong>Mit tehet\u00fcnk a ment\u00e1lis eg\u00e9szs\u00e9g\u00fcnk\u00e9rt?<\/strong><\/h4>\n\n\n\n<p class=\"wp-block-paragraph\">Nem kell nagyszab\u00e1s\u00fa terveket k\u00e9sz\u00edten\u00fcnk, \u00e9s nem kell mindent azonnal megoldanunk. Az apr\u00f3, mindennapi l\u00e9p\u00e9sek sokkal nagyobb hat\u00e1ssal vannak, mint hinn\u00e9nk.<\/p>\n\n\n\n<h4 class=\"wp-block-heading\"><strong>\u0150szinte besz\u00e9lget\u00e9sek saj\u00e1t magunkkal<\/strong><\/h4>\n\n\n\n<p class=\"wp-block-paragraph\">Mi vagyunk \u00f6nmagunk legjobb ismer\u0151i. Ahhoz, hogy meg\u00e9rts\u00fck, mire van sz\u00fcks\u00e9g\u00fcnk, id\u0151t kell sz\u00e1nnunk magunkra \u00e9s az \u00e9rz\u00e9seinkre. Pr\u00f3b\u00e1ljunk meg rendszeresen le\u00fclni, \u00e9s feltenni magunknak n\u00e9h\u00e1ny k\u00e9rd\u00e9st:<\/p>\n\n\n\n<ul class=\"wp-block-list\">\n<li>Mit\u0151l <strong>\u00e9reztem magam j\u00f3l<\/strong> a k\u00f6zelm\u00faltban?<\/li>\n\n\n\n<li>Mi az, amit <strong>hi\u00e1nyolok <\/strong>a mindennapjaimb\u00f3l?<\/li>\n\n\n\n<li>Mi az, amit szeretn\u00e9k <strong>megv\u00e1ltoztatni <\/strong>az \u00e9letemben?<\/li>\n\n\n\n<li>\u00c9s v\u00e9g\u00fcl: mit tudok <strong>tenni <\/strong>az\u00e9rt, hogy ezek a dolgok megval\u00f3suljanak, k\u00f6zelebb ker\u00fcljek hozz\u00e1juk?<\/li>\n<\/ul>\n\n\n\n<p class=\"wp-block-paragraph\">\u0150szint\u00e9nek lenni nem mindig k\u00f6nny\u0171, hiszen a mindennapokban gyakran elrejtj\u00fck val\u00f3di \u00e9rz\u00e9seinket, hom\u00e1lyos\u00edtjuk a v\u00e9lem\u00e9ny\u00fcnket. Saj\u00e1t magunkkal szemben azonban nem \u00e9rdemes \u00edgy tenni, hiszen \u00e9n\u00fcnk minden r\u00e9sze egy k\u00f6z\u00f6s c\u00e9l\u00e9rt k\u00fczd: hogy nek\u00fcnk j\u00f3 legyen, hogy mi j\u00f3l legy\u00fcnk.<\/p>\n\n\n\n<p class=\"wp-block-paragraph\">A c\u00e9l nem az, hogy minden k\u00e9rd\u00e9sre azonnal v\u00e1laszoljunk, hanem hogy ezek elind\u00edtsanak egy m\u00e9lyebb p\u00e1rbesz\u00e9det \u00f6nmagunkkal. Ne feledj\u00fck: az \u0151szintes\u00e9g \u00f6nmagunkkal szemben a legfontosabb l\u00e9p\u00e9s.<\/p>\n\n\n\n<h4 class=\"wp-block-heading\"><strong>Figyelj\u00fcnk a jelenre!<\/strong><\/h4>\n\n\n\n<p class=\"wp-block-paragraph\">Gyakran t\u00fals\u00e1gosan el\u0151re gondolkodunk, vagy a m\u00falt hib\u00e1it r\u00e1gjuk. Az \u0151szinte \u00f6nreflexi\u00f3 mellett arra is nagy sz\u00fcks\u00e9g\u00fcnk van, hogy felt\u00f6lt\u0151dj\u00fcnk, megpihenj\u00fcnk. A tudatos jelenl\u00e9t (mindfulness) seg\u00edt abban, hogy meg\u00e9ld a pillanatot, az \u0151rl\u0151d\u0151 gondolatokat kicsit elengedve. Ez cs\u00f6kkenti a stresszt \u00e9s lehet\u0151s\u00e9get ad arra is, hogy \u00e9szrevedd, mi az, ami igaz\u00e1n fontos sz\u00e1modra.<\/p>\n\n\n\n<p class=\"wp-block-paragraph\"><strong>Praktikus l\u00e9p\u00e9sek a mindfulness gyakorl\u00e1s\u00e1ra:<\/strong><\/p>\n\n\n\n<ul class=\"wp-block-list\">\n<li><strong>Egyszer\u0171 l\u00e9gz\u0151gyakorlat<\/strong><br>\u00dclj\u00fcnk le egy csendes helyen, \u00e9s f\u00f3kusz\u00e1ljunk a l\u00e9gz\u00e9sedre! Figyelj\u00fck meg, hogyan \u00e1ramlik be \u00e9s ki a leveg\u0151, milyen \u00faton halad v\u00e9gig a test\u00fcnkben!<br>M\u00e1r 3-5 perc is seg\u00edthet.<\/li>\n\n\n\n<li><strong>Mindful s\u00e9ta<\/strong><br>Amikor s\u00e9t\u00e1lunk, ne gondoljunk m\u00e1sra, csak a l\u00e9pteinkre, a k\u00f6rnyezet\u00fcnk hangjaira, illataira! Figyelj\u00fck meg, mi t\u00f6rt\u00e9nik a test\u00fcnkben s\u00e9ta k\u00f6zben, hogyan mozognak az izmaink, hogyan \u00e9rintkez\u00fcnk a talajjal, \u00e9s mi minden t\u00f6rt\u00e9nik k\u00f6r\u00fcl\u00f6tt\u00fcnk!<\/li>\n\n\n\n<li><strong>Napind\u00edt\u00f3 figyelmess\u00e9g<br><\/strong>Reggel sz\u00e1njunk egy percet arra, hogy v\u00e9giggondoljuk, mi az, amit v\u00e1rhatunk, aminek \u00f6r\u00fclhet\u00fcnk, vagy mire szeretn\u00e9nk figyelni aznap!<\/li>\n\n\n\n<li><strong>V\u00e1laszoljunk magunknak: <\/strong>\u201cMit tehetek ma magam\u00e9rt?\u201d<br>Sokszor azt gondoljuk, hogy a boldogs\u00e1g nagy, l\u00e1tv\u00e1nyos esem\u00e9nyekben rejlik, de val\u00f3j\u00e1ban az apr\u00f3 dolgok adj\u00e1k az igazi \u00f6r\u00f6m\u00f6t. Fontos, hogy minden nap tegy\u00fcnk valamit, ami \u00f6r\u00f6met okoz nek\u00fcnk, \u00e9s k\u00f6zben ne \u00e9rezz\u00fcnk b\u0171ntudatot, hogy id\u0151t sz\u00e1nunk magunkra. <\/li>\n<\/ul>\n\n\n\n<p class=\"wp-block-paragraph\">A jelenre val\u00f3 f\u00f3kusz seg\u00edt abban, hogy ne a m\u00falt hib\u00e1i vagy a j\u00f6v\u0151 bizonytalans\u00e1gai hat\u00e1rozz\u00e1k meg a hangulatodat, hanem az a pillanat, amiben \u00e9ppen vagy.<\/p>\n\n\n\n<h4 class=\"wp-block-heading\"><strong>Az \u00faj \u00e9v nem a kezdetr\u0151l, hanem a folytat\u00e1sr\u00f3l sz\u00f3l<\/strong><\/h4>\n\n\n\n<p class=\"wp-block-paragraph\">Ne feledj\u00fck, hogy nem az \u00faj \u00e9v hozza el a v\u00e1ltoz\u00e1st, hanem az <strong>a d\u00f6nt\u00e9s, hogy minden nap egy kicsivel jobban figyel\u00fcnk magunkra<\/strong>. Az eddigi tapasztalataink, \u00f6r\u00f6meink \u00e9s tanuls\u00e1gaink mind eszk\u00f6z\u00f6k arra, hogy tov\u00e1bb \u00e9p\u00edts\u00fck azt az \u00e9letet, amit igaz\u00e1n \u00e9lvez\u00fcnk. A legfontosabb, hogy<strong> legy\u00fcnk t\u00fcrelmesek magunkkal<\/strong>, \u00e9s \u00e9rt\u00e9kel\u00fck az apr\u00f3 el\u0151rel\u00e9p\u00e9seket. <\/p>","protected":false},"excerpt":{"rendered":"<p>December 31-\u00e9n szok\u00e1sunk fogadalmak, \u00edg\u00e9rteket tenni, hogy m\u00e1snapt\u00f3l, az \u00faj \u00e9vt\u0151l minden m\u00e1s lesz: megveszem, eladom, megcsin\u00e1lom, kidobom, meg\u00edrom, visszaviszem, leadom, megl\u00e9pem\u2026 Az \u00faj \u00e9v azonban nem azt jelenti, hogy tiszta lappal indulunk. Nem t\u00f6r\u00f6lhetj\u00fck el mindazt, amit eddig tett\u00fcnk \u2013 sem a j\u00f3, sem a kev\u00e9sb\u00e9 j\u00f3 d\u00f6nt\u00e9seket. \u00c9s ez rendben van. Az \u00e9let\u00fcnk [&hellip;]<\/p>","protected":false},"author":1,"featured_media":1315,"comment_status":"open","ping_status":"open","sticky":false,"template":"","format":"standard","meta":{"_seopress_robots_primary_cat":"none","_seopress_titles_title":"\u00daj \u00e9v, r\u00e9gi tanuls\u00e1gok - Te hozod el a v\u00e1ltoz\u00e1st, nem az \u00faj \u00e9v","_seopress_titles_desc":"Nem az \u00faj \u00e9v, hanem Te hozod a v\u00e1ltoz\u00e1st! Fedezd fel, hogyan \u00e9p\u00edtheted tov\u00e1bb a sikereidet \u00e9s fejl\u0151dhetsz t\u00fcrelemmel \u00e9s tudatoss\u00e1ggal.","_seopress_robots_index":"","footnotes":""},"categories":[11],"tags":[175,172,166,176,173,170,178,169,168,171,165,167],"class_list":["post-1327","post","type-post","status-publish","format-standard","has-post-thumbnail","hentry","category-kategoria-nelkuli-hu","tag-belso-valtozas","tag-eletmodvaltas-inspiracio","tag-evkezdes-onismerettel","tag-folyamatos-fejlodes","tag-hogyan-fejlodjunk","tag-motivacios-uzenet","tag-onismeret","tag-onismeret-tippek","tag-szemelyes-fejlodes","tag-tudatos-eletmod","tag-uj-ev-valtozas","tag-ujevi-fogadalmak-helyett"],"_links":{"self":[{"href":"https:\/\/kivesblanka.hu\/en\/wp-json\/wp\/v2\/posts\/1327","targetHints":{"allow":["GET"]}}],"collection":[{"href":"https:\/\/kivesblanka.hu\/en\/wp-json\/wp\/v2\/posts"}],"about":[{"href":"https:\/\/kivesblanka.hu\/en\/wp-json\/wp\/v2\/types\/post"}],"author":[{"embeddable":true,"href":"https:\/\/kivesblanka.hu\/en\/wp-json\/wp\/v2\/users\/1"}],"replies":[{"embeddable":true,"href":"https:\/\/kivesblanka.hu\/en\/wp-json\/wp\/v2\/comments?post=1327"}],"version-history":[{"count":7,"href":"https:\/\/kivesblanka.hu\/en\/wp-json\/wp\/v2\/posts\/1327\/revisions"}],"predecessor-version":[{"id":1336,"href":"https:\/\/kivesblanka.hu\/en\/wp-json\/wp\/v2\/posts\/1327\/revisions\/1336"}],"wp:featuredmedia":[{"embeddable":true,"href":"https:\/\/kivesblanka.hu\/en\/wp-json\/wp\/v2\/media\/1315"}],"wp:attachment":[{"href":"https:\/\/kivesblanka.hu\/en\/wp-json\/wp\/v2\/media?parent=1327"}],"wp:term":[{"taxonomy":"category","embeddable":true,"href":"https:\/\/kivesblanka.hu\/en\/wp-json\/wp\/v2\/categories?post=1327"},{"taxonomy":"post_tag","embeddable":true,"href":"https:\/\/kivesblanka.hu\/en\/wp-json\/wp\/v2\/tags?post=1327"}],"curies":[{"name":"wp","href":"https:\/\/api.w.org\/{rel}","templated":true}]}}